{"id":3322,"date":"2017-09-01T22:08:34","date_gmt":"2017-09-01T20:08:34","guid":{"rendered":"https:\/\/www.madamegrizzly.com\/?p=3322"},"modified":"2018-05-31T21:16:23","modified_gmt":"2018-05-31T19:16:23","slug":"realisation-dun-faire-part-de-naissance-pour-suzie","status":"publish","type":"post","link":"https:\/\/www.madamegrizzly.com\/index.php\/2017\/09\/01\/realisation-dun-faire-part-de-naissance-pour-suzie\/","title":{"rendered":"R\u00e9alisation d&rsquo;un faire-part de naissance pour Suzie"},"content":{"rendered":"<p>La jolie Suzie a montr\u00e9 sa frimousse au d\u00e9but du mois de juin\u00a0! Pour illustrer sa <strong>naissance<\/strong>, ses parents m\u2019ont laiss\u00e9 carte blanche\u00a0!<\/p>\n<p>C\u2019est un petit renard tout mignon qui est venu se poser sur le <strong>faire-part de naissance<\/strong> de Suzie, un <strong>faire-part<\/strong> aux tons doux et printaniers comme le mois de juin qui l\u2019a vue na\u00eetre\u00a0!<\/p>\n<p>Les parents de Suzie ont \u00e9galement souhait\u00e9 un<strong> remerciement<\/strong> en harmonie avec le faire-part, accompagn\u00e9 sur le verso d\u2019une photo de Suzie et de sa grande s\u0153ur\u00a0!<\/p>\n<p>Vous souhaitez ce joli faire-part pour la naissance de votre b\u00e9b\u00e9\u00a0? C\u2019est possible\u00a0! Vous pouvez le retrouver <a href=\"https:\/\/www.madamegrizzly.com\/index.php\/categorie-produit\/faire-part-de-naissance\/\">dans les collections \u00ab\u00a0naissance\u00a0\u00bb ici<\/a>. Il est aussi d\u00e9clin\u00e9 en 2 formats, en stickers et en badge\u00a0et en remerciement !<\/p>\n<p>Tous les faire-part <a href=\"https:\/\/www.madamegrizzly.com\/index.php\/categorie-produit\/faire-part-de-naissance\/\">de la collection \u00ab\u00a0naissance\u00a0\u00bb<\/a> peuvent \u00eatre personnalis\u00e9s et modifi\u00e9s aussi selon vos go\u00fbts et vos envies.<\/p>\n<p>Pour plus de renseignements, n\u2019h\u00e9sitez pas \u00e0 me contacter\u00a0!<\/p>\n<p><a href=\"mailto:hello@madamegrizzly.com\"><u>hello@madamegrizzly.com<\/u><\/a>\u00a0I +32 496 18 72 32<\/p>\n<p>&nbsp;<\/p>\n<p><img decoding=\"async\" class=\"alignnone size-full wp-image-3406\" src=\"https:\/\/www.madamegrizzly.com\/wp-content\/uploads\/2018\/05\/suzie2.jpg\" alt=\"\" width=\"1000\" height=\"1000\" srcset=\"https:\/\/www.madamegrizzly.com\/wp-content\/uploads\/2018\/05\/suzie2.jpg 1000w, https:\/\/www.madamegrizzly.com\/wp-content\/uploads\/2018\/05\/suzie2-600x600.jpg 600w, https:\/\/www.madamegrizzly.com\/wp-content\/uploads\/2018\/05\/suzie2-100x100.jpg 100w, https:\/\/www.madamegrizzly.com\/wp-content\/uploads\/2018\/05\/suzie2-80x80.jpg 80w, https:\/\/www.madamegrizzly.com\/wp-content\/uploads\/2018\/05\/suzie2-200x200.jpg 200w, https:\/\/www.madamegrizzly.com\/wp-content\/uploads\/2018\/05\/suzie2-768x768.jpg 768w, https:\/\/www.madamegrizzly.com\/wp-content\/uploads\/2018\/05\/suzie2-400x400.jpg 400w\" sizes=\"(max-width: 1000px) 100vw, 1000px\" \/> <img decoding=\"async\" class=\"alignnone size-full wp-image-3407\" src=\"https:\/\/www.madamegrizzly.com\/wp-content\/uploads\/2018\/05\/suzie4.jpg\" alt=\"\" width=\"1000\" height=\"1000\" srcset=\"https:\/\/www.madamegrizzly.com\/wp-content\/uploads\/2018\/05\/suzie4.jpg 1000w, https:\/\/www.madamegrizzly.com\/wp-content\/uploads\/2018\/05\/suzie4-600x600.jpg 600w, https:\/\/www.madamegrizzly.com\/wp-content\/uploads\/2018\/05\/suzie4-100x100.jpg 100w, https:\/\/www.madamegrizzly.com\/wp-content\/uploads\/2018\/05\/suzie4-80x80.jpg 80w, https:\/\/www.madamegrizzly.com\/wp-content\/uploads\/2018\/05\/suzie4-200x200.jpg 200w, https:\/\/www.madamegrizzly.com\/wp-content\/uploads\/2018\/05\/suzie4-768x768.jpg 768w, https:\/\/www.madamegrizzly.com\/wp-content\/uploads\/2018\/05\/suzie4-400x400.jpg 400w\" sizes=\"(max-width: 1000px) 100vw, 1000px\" \/><\/p>\n","protected":false},"excerpt":{"rendered":"<p>La jolie Suzie a montr\u00e9 sa frimousse au d\u00e9but du mois de juin\u00a0! Pour illustrer sa naissance, ses parents m\u2019ont laiss\u00e9 carte blanche\u00a0! C\u2019est un petit renard tout mignon qui est venu se poser sur le faire-part de naissance de Suzie, un faire-part aux tons doux et printaniers comme le mois de juin qui l\u2019a [&hellip;]<\/p>\n","protected":false},"author":1,"featured_media":3405,"comment_status":"open","ping_status":"open","sticky":false,"template":"","format":"standard","meta":{"footnotes":""},"categories":[61],"tags":[82,140,58,66,64,87,55,52,63],"class_list":["post-3322","post","type-post","status-publish","format-standard","has-post-thumbnail","hentry","category-faire-part-de-naissance-et-de-mariage","tag-creation","tag-ecureuil","tag-faire-part","tag-faire-part-de-naissance","tag-graphisme","tag-illustration","tag-madame-grizzly","tag-naissance","tag-renard"],"_links":{"self":[{"href":"https:\/\/www.madamegrizzly.com\/index.php\/wp-json\/wp\/v2\/posts\/3322","targetHints":{"allow":["GET"]}}],"collection":[{"href":"https:\/\/www.madamegrizzly.com\/index.php\/wp-json\/wp\/v2\/posts"}],"about":[{"href":"https:\/\/www.madamegrizzly.com\/index.php\/wp-json\/wp\/v2\/types\/post"}],"author":[{"embeddable":true,"href":"https:\/\/www.madamegrizzly.com\/index.php\/wp-json\/wp\/v2\/users\/1"}],"replies":[{"embeddable":true,"href":"https:\/\/www.madamegrizzly.com\/index.php\/wp-json\/wp\/v2\/comments?post=3322"}],"version-history":[{"count":10,"href":"https:\/\/www.madamegrizzly.com\/index.php\/wp-json\/wp\/v2\/posts\/3322\/revisions"}],"predecessor-version":[{"id":3408,"href":"https:\/\/www.madamegrizzly.com\/index.php\/wp-json\/wp\/v2\/posts\/3322\/revisions\/3408"}],"wp:featuredmedia":[{"embeddable":true,"href":"https:\/\/www.madamegrizzly.com\/index.php\/wp-json\/wp\/v2\/media\/3405"}],"wp:attachment":[{"href":"https:\/\/www.madamegrizzly.com\/index.php\/wp-json\/wp\/v2\/media?parent=3322"}],"wp:term":[{"taxonomy":"category","embeddable":true,"href":"https:\/\/www.madamegrizzly.com\/index.php\/wp-json\/wp\/v2\/categories?post=3322"},{"taxonomy":"post_tag","embeddable":true,"href":"https:\/\/www.madamegrizzly.com\/index.php\/wp-json\/wp\/v2\/tags?post=3322"}],"curies":[{"name":"wp","href":"https:\/\/api.w.org\/{rel}","templated":true}]}}